{"id":4698,"date":"2024-07-22T15:03:05","date_gmt":"2024-07-22T13:03:05","guid":{"rendered":"https:\/\/horemi.org\/de\/?p=4698"},"modified":"2024-08-15T14:45:10","modified_gmt":"2024-08-15T12:45:10","slug":"horemi-macht-schule","status":"publish","type":"post","link":"https:\/\/horemi.org\/de\/horemi-macht-schule\/","title":{"rendered":"HOREMI macht Schule"},"content":{"rendered":"\n<h5 class=\"wp-block-heading\">\u00ab 22. Juli 2024: Happy End in Himmelblau \u00bb<\/h5>\n\n\n\n<p class=\"wp-block-paragraph\">Das Happy End beim Schulbau ist nun perfekt: Wegen&nbsp;Liefer\u00adpro\u00adblemen bei den ben\u00f6\u00adtigten Fens\u00adtern und T\u00fcren hatte sich das Finale zun\u00e4chst noch etwas verz\u00f6\u00adgert. Aber nun, im Juli 2024, ist alles drin, dran \u2013 und das Geb\u00e4ude erstrahlt rundum in kr\u00e4f\u00adtigem Himmel\u00adblau. Damit die Farbe auch gr\u00f6\u00dferen Wasser\u00admassen in der Regen\u00adzeit wider\u00adsteht und nicht davon\u00adflie\u00dft, haben Kenneth und Naume f\u00fcr mehr Nach\u00adhal\u00adtig\u00adkeit eine beson\u00adders wasser\u00adfeste Farbe gew\u00e4hlt. Auch die Beete vor der Schule wurden versch\u00f6\u00adnert und deko\u00adrativ umrandet. Gratu\u00adla\u00adtion zum sch\u00f6nen neuen Schul\u00adge\u00adb\u00e4ude!<\/p>\n\n\n\n<p class=\"wp-block-paragraph\">Mehr zum Schul\u00adbe\u00adtrieb und mit welchem Spa\u00df und Erfolg die Kids hier lernen \u2014 das erfahren Sie in weiteren Beitr\u00e4gen <a href=\"https:\/\/horemi.org\/de\/aus-der-schule-geplaudert\/\" data-type=\"page\" data-id=\"3479\" target=\"_blank\" rel=\"noreferrer noopener\">hier im Blog<\/a>.<\/p>\n\n\n\n<figure class=\"wp-block-image size-large\"><img loading=\"lazy\" decoding=\"async\" width=\"1024\" height=\"390\" src=\"https:\/\/horemi.org\/de\/wp-content\/uploads\/sites\/27\/2024\/07\/Schulgebaeude_fertig-1024x390.jpg\" alt class=\"wp-image-5857\" srcset=\"https:\/\/horemi.org\/de\/wp-content\/uploads\/sites\/27\/2024\/07\/Schulgebaeude_fertig-1024x390.jpg 1024w, https:\/\/horemi.org\/de\/wp-content\/uploads\/sites\/27\/2024\/07\/Schulgebaeude_fertig-300x114.jpg 300w, https:\/\/horemi.org\/de\/wp-content\/uploads\/sites\/27\/2024\/07\/Schulgebaeude_fertig-768x292.jpg 768w, https:\/\/horemi.org\/de\/wp-content\/uploads\/sites\/27\/2024\/07\/Schulgebaeude_fertig-1536x585.jpg 1536w, https:\/\/horemi.org\/de\/wp-content\/uploads\/sites\/27\/2024\/07\/Schulgebaeude_fertig-2048x780.jpg 2048w, https:\/\/horemi.org\/de\/wp-content\/uploads\/sites\/27\/2024\/07\/Schulgebaeude_fertig-540x206.jpg 540w, https:\/\/horemi.org\/de\/wp-content\/uploads\/sites\/27\/2024\/07\/Schulgebaeude_fertig-1080x411.jpg 1080w, https:\/\/horemi.org\/de\/wp-content\/uploads\/sites\/27\/2024\/07\/Schulgebaeude_fertig-1980x754.jpg 1980w\" sizes=\"auto, (max-width: 1024px) 100vw, 1024px\"><\/figure>\n\n\n\n<h5 class=\"wp-block-heading\">\u00ab 30. April 2024: Die Schule ist fertig \u2014 fast \u2026 \u00bb<\/h5>\n\n\n\n<p class=\"wp-block-paragraph\"><\/p>\n\n\n\n<p class=\"has-text-align-left wp-block-paragraph\">Inzwi\u00adschen hat HOREMI es dank weiterer gro\u00df\u00adz\u00fc\u00adgiger Spen\u00adde\u00adrinnen und Spender so gut wie geschafft: Die Schule steht, ist verputzt, hat erste Fenster und T\u00fcren und bald auch einen durch\u00adg\u00e4ngig himmel\u00adblauen Fassa\u00adden\u00adan\u00adstrich! Von Null auf fast fertig in nur sechs Monaten \u2014 was f\u00fcr ein schnelles, ehrgei\u00adziges Baupro\u00adjekt!<\/p>\n\n\n\n<figure class=\"wp-block-image size-full\"><img loading=\"lazy\" decoding=\"async\" width=\"1000\" height=\"452\" src=\"https:\/\/horemi.org\/de\/wp-content\/uploads\/sites\/27\/2024\/04\/PHOTO-2024-04-22-10-31-32.jpg\" alt class=\"wp-image-5623\" srcset=\"https:\/\/horemi.org\/de\/wp-content\/uploads\/sites\/27\/2024\/04\/PHOTO-2024-04-22-10-31-32.jpg 1000w, https:\/\/horemi.org\/de\/wp-content\/uploads\/sites\/27\/2024\/04\/PHOTO-2024-04-22-10-31-32-300x136.jpg 300w, https:\/\/horemi.org\/de\/wp-content\/uploads\/sites\/27\/2024\/04\/PHOTO-2024-04-22-10-31-32-768x347.jpg 768w, https:\/\/horemi.org\/de\/wp-content\/uploads\/sites\/27\/2024\/04\/PHOTO-2024-04-22-10-31-32-540x244.jpg 540w\" sizes=\"auto, (max-width: 1000px) 100vw, 1000px\"><\/figure>\n\n\n\n<p class=\"has-text-align-left wp-block-paragraph\">\u00dcber 80 Kinder dr\u00fccken aktuell die Schul\u00adb\u00e4nke. Und beim Besuch von HOREMI im M\u00e4rz konnten wir uns selbst ein Bild davon machen, mit welchem Eifer, Spa\u00df und Erfolg die Kids bei der Sache sind. Mehr dazu in den weiteren Beitr\u00e4gen <a href=\"https:\/\/horemi.org\/de\/so-leben-die-kinder-von-horemi\/\" data-type=\"link\" data-id=\"https:\/\/horemi.org\/de\/so-leben-die-kinder-von-horemi\/\" target=\"_blank\" rel=\"noreferrer noopener\">hier im Blog<\/a>.<\/p>\n\n\n\n<h5 class=\"wp-block-heading\">\u00ab 7. M\u00e4rz 2024: Die Schule ist unfertig, aber voll in Betrieb \u00bb<\/h5>\n\n\n\n<p class=\"wp-block-paragraph\">Kein schlechter Start f\u00fcr die neue HOREMI Junior School! Bereits 72 Kinder hat sie aufge\u00adnommen, die nun von den sechs fest ange\u00adstellten Lehre\u00adrinnen flei\u00dfig Lesen, Schreiben, Rechnen lernen. Zehn dieser Kinder kommen aus dem Waisen\u00adhaus von HOREMI, alle anderen aus den umlie\u00adgenden D\u00f6rfern. Die meisten Kids, n\u00e4mlich 41, besu\u00adchen den Kinder\u00adgarten \u2013 eine drei\u00adj\u00e4h\u00adrige Vorschule. Und in den drei ange\u00adbo\u00adtenen ersten Klas\u00adsen\u00adstufen der \u201ePrimary School\u201c dr\u00fccken aktuell 31 Kinder die Schul\u00adb\u00e4nke. Vor allem mittel\u00adlose Fami\u00adlien und allein\u00ader\u00adzie\u00adhende M\u00fctter nutzen bislang das neue Schul\u00adan\u00adgebot gerne. Zumal HOREMI von den \u00e4rmsten Mitglie\u00addern der Commu\u00adnity nur sehr geringe bis keine Schul\u00adge\u00adb\u00fchren plus einen kleinen Beitrag f\u00fcr das Mittag\u00adessen verlangt. Nun hofft HOREMI, dass sich bald weiter herum\u00adspricht, welchen erst\u00adklas\u00adsigen Unter\u00adricht die neue Schule bietet. Denn lang\u00adfristig wird sie auf einige voll zahlende Nutzer des Ange\u00adbots ange\u00adwiesen sein. Und auf weitere Spenden, etwa f\u00fcr die Voll\u00adendung des Geb\u00e4udes: Zwar ist der Boden fast fertig. Doch reichen die Mittel noch nicht, um das neue Schul\u00adge\u00adb\u00e4ude auch zu verputzen, zu strei\u00adchen oder Fenster einzu\u00adbauen. Weiterhin gilt also: Jeder gespen\u00addete Euro hilft!<\/p>\n\n\n<div class=\"mgznkr-img-slider slides has-nested-images columns-default mgznkr-img-slider slider-cropped\" id=\"mgznkr-img-slider-_5306_5287_5288_5293_5290\">\n<div class=\"slide-1\"><div class=\" slide-img-crop\"><img loading=\"lazy\" decoding=\"async\" width=\"1022\" height=\"606\" src=\"https:\/\/horemi.org\/de\/wp-content\/uploads\/sites\/27\/2024\/03\/Schulpersonal.jpg\" class=\"attachment-full  slide-img-crop\" alt srcset=\"https:\/\/horemi.org\/de\/wp-content\/uploads\/sites\/27\/2024\/03\/Schulpersonal.jpg 1022w, https:\/\/horemi.org\/de\/wp-content\/uploads\/sites\/27\/2024\/03\/Schulpersonal-300x178.jpg 300w, https:\/\/horemi.org\/de\/wp-content\/uploads\/sites\/27\/2024\/03\/Schulpersonal-768x455.jpg 768w, https:\/\/horemi.org\/de\/wp-content\/uploads\/sites\/27\/2024\/03\/Schulpersonal-540x320.jpg 540w\" sizes=\"auto, (max-width: 1022px) 100vw, 1022px\"><\/div><p>Sechs Lehr\u00adkr\u00e4fte und die Schul\u00adk\u00f6\u00adchin (re.)<\/p><\/div>\n<div class=\"slide-2\"><div class=\" slide-img-crop\"><img loading=\"lazy\" decoding=\"async\" width=\"984\" height=\"432\" src=\"https:\/\/horemi.org\/de\/wp-content\/uploads\/sites\/27\/2024\/03\/Babyclass.jpg\" class=\"attachment-full  slide-img-crop\" alt srcset=\"https:\/\/horemi.org\/de\/wp-content\/uploads\/sites\/27\/2024\/03\/Babyclass.jpg 984w, https:\/\/horemi.org\/de\/wp-content\/uploads\/sites\/27\/2024\/03\/Babyclass-300x132.jpg 300w, https:\/\/horemi.org\/de\/wp-content\/uploads\/sites\/27\/2024\/03\/Babyclass-768x337.jpg 768w, https:\/\/horemi.org\/de\/wp-content\/uploads\/sites\/27\/2024\/03\/Babyclass-540x237.jpg 540w\" sizes=\"auto, (max-width: 984px) 100vw, 984px\"><\/div><p>In der \u201cBaby\u00adklasse\u201d dabei ist auch Bumali in seinem Roll\u00adstuhl.<\/p><\/div>\n<div class=\"slide-3\"><div class=\" slide-img-crop\"><img loading=\"lazy\" decoding=\"async\" width=\"2560\" height=\"1123\" src=\"https:\/\/horemi.org\/de\/wp-content\/uploads\/sites\/27\/2024\/03\/Abwasch-vor-der-Schule.jpg\" class=\"attachment-full  slide-img-crop\" alt srcset=\"https:\/\/horemi.org\/de\/wp-content\/uploads\/sites\/27\/2024\/03\/Abwasch-vor-der-Schule.jpg 2560w, https:\/\/horemi.org\/de\/wp-content\/uploads\/sites\/27\/2024\/03\/Abwasch-vor-der-Schule-300x132.jpg 300w, https:\/\/horemi.org\/de\/wp-content\/uploads\/sites\/27\/2024\/03\/Abwasch-vor-der-Schule-1024x449.jpg 1024w, https:\/\/horemi.org\/de\/wp-content\/uploads\/sites\/27\/2024\/03\/Abwasch-vor-der-Schule-768x337.jpg 768w, https:\/\/horemi.org\/de\/wp-content\/uploads\/sites\/27\/2024\/03\/Abwasch-vor-der-Schule-1536x674.jpg 1536w, https:\/\/horemi.org\/de\/wp-content\/uploads\/sites\/27\/2024\/03\/Abwasch-vor-der-Schule-2048x898.jpg 2048w, https:\/\/horemi.org\/de\/wp-content\/uploads\/sites\/27\/2024\/03\/Abwasch-vor-der-Schule-540x237.jpg 540w, https:\/\/horemi.org\/de\/wp-content\/uploads\/sites\/27\/2024\/03\/Abwasch-vor-der-Schule-1080x474.jpg 1080w, https:\/\/horemi.org\/de\/wp-content\/uploads\/sites\/27\/2024\/03\/Abwasch-vor-der-Schule-1980x869.jpg 1980w\" sizes=\"auto, (max-width: 2560px) 100vw, 2560px\"><\/div><p>Gemein\u00adsamer Abwasch  nach dem Schul-Mittag\u00adessen<\/p><\/div>\n<div class=\"slide-4\"><div class=\" slide-img-crop\"><img loading=\"lazy\" decoding=\"async\" width=\"2560\" height=\"1123\" src=\"https:\/\/horemi.org\/de\/wp-content\/uploads\/sites\/27\/2024\/03\/Unterricht-_Lineal-1.jpg\" class=\"attachment-full  slide-img-crop\" alt srcset=\"https:\/\/horemi.org\/de\/wp-content\/uploads\/sites\/27\/2024\/03\/Unterricht-_Lineal-1.jpg 2560w, https:\/\/horemi.org\/de\/wp-content\/uploads\/sites\/27\/2024\/03\/Unterricht-_Lineal-1-300x132.jpg 300w, https:\/\/horemi.org\/de\/wp-content\/uploads\/sites\/27\/2024\/03\/Unterricht-_Lineal-1-1024x449.jpg 1024w, https:\/\/horemi.org\/de\/wp-content\/uploads\/sites\/27\/2024\/03\/Unterricht-_Lineal-1-768x337.jpg 768w, https:\/\/horemi.org\/de\/wp-content\/uploads\/sites\/27\/2024\/03\/Unterricht-_Lineal-1-1536x674.jpg 1536w, https:\/\/horemi.org\/de\/wp-content\/uploads\/sites\/27\/2024\/03\/Unterricht-_Lineal-1-2048x898.jpg 2048w, https:\/\/horemi.org\/de\/wp-content\/uploads\/sites\/27\/2024\/03\/Unterricht-_Lineal-1-540x237.jpg 540w, https:\/\/horemi.org\/de\/wp-content\/uploads\/sites\/27\/2024\/03\/Unterricht-_Lineal-1-1080x474.jpg 1080w, https:\/\/horemi.org\/de\/wp-content\/uploads\/sites\/27\/2024\/03\/Unterricht-_Lineal-1-1980x869.jpg 1980w\" sizes=\"auto, (max-width: 2560px) 100vw, 2560px\"><\/div><p>In der Grund\u00adschule lernen die Kids Lesen, Schreiben, Rechnen, English \u2026<\/p><\/div>\n<div class=\"slide-5\"><div class=\" slide-img-crop\"><img loading=\"lazy\" decoding=\"async\" width=\"700\" height=\"413\" src=\"https:\/\/horemi.org\/de\/wp-content\/uploads\/sites\/27\/2024\/03\/Unterricht-1-1024x604.jpg\" class=\"attachment-large  slide-img-crop\" alt srcset=\"https:\/\/horemi.org\/de\/wp-content\/uploads\/sites\/27\/2024\/03\/Unterricht-1-1024x604.jpg 1024w, https:\/\/horemi.org\/de\/wp-content\/uploads\/sites\/27\/2024\/03\/Unterricht-1-300x177.jpg 300w, https:\/\/horemi.org\/de\/wp-content\/uploads\/sites\/27\/2024\/03\/Unterricht-1-768x453.jpg 768w, https:\/\/horemi.org\/de\/wp-content\/uploads\/sites\/27\/2024\/03\/Unterricht-1-540x319.jpg 540w, https:\/\/horemi.org\/de\/wp-content\/uploads\/sites\/27\/2024\/03\/Unterricht-1.jpg 1080w\" sizes=\"auto, (max-width: 700px) 100vw, 700px\"><\/div><p>\u2026 und auch Sozi\u00adal\u00adkunde und Reli\u00adgion stehen auf dem Lehr\u00adplan.<\/p><\/div>\n<\/div>\n\n\n<p class=\"has-text-align-center wp-block-paragraph\"><strong>&lt;&gt;<\/strong><\/p>\n\n\n\n<h5 class=\"wp-block-heading\">\u00ab 29. Januar 2024: Der erste Schultag! \u00bb<\/h5>\n\n\n\n<p class=\"wp-block-paragraph\">Es geht los! Die HOREMI Junior School hat heute, zum offi\u00adzi\u00adellen Start\u00adtermin des neuen Schul\u00adjahrs, die Kinder\u00adgar\u00adten\u00advor\u00adschule und die Grund\u00adschule \u2013 beide mit jeweils drei Klas\u00adsen\u00adstufen \u2013 er\u00f6ffnet. Schon am ersten und zweiten Tag kamen \u00fcber 40 Kinder, weitere 12 sind ange\u00admeldet. Neun Sch\u00fc\u00adle\u00adrinnen und Sch\u00fcler haben jetzt einen beson\u00adders kurzen Schulweg, denn sie kommen aus dem Waisen\u00adhaus von HOREMI. Und auch die Gemein\u00adschaft im Umfeld von HOREMI wei\u00df das neue Angebot ganz in der N\u00e4he sehr zu sch\u00e4tzen. Denn eine gute Ausbil\u00addung ihrer Kinder ist das A und O f\u00fcr eine sichere Zukunft.<\/p>\n\n\n<div class=\"mgznkr-img-slider slides has-nested-images columns-default mgznkr-img-slider slider-cropped\" id=\"mgznkr-img-slider-_5254_5258_5259_5252\">\n<div class=\"slide-1\"><div class=\" slide-img-crop\"><img loading=\"lazy\" decoding=\"async\" width=\"984\" height=\"432\" src=\"https:\/\/horemi.org\/de\/wp-content\/uploads\/sites\/27\/2024\/01\/6d668901-743e-4790-9c0e-c12c4ecbadd6-1.jpg\" class=\"attachment-full  slide-img-crop\" alt srcset=\"https:\/\/horemi.org\/de\/wp-content\/uploads\/sites\/27\/2024\/01\/6d668901-743e-4790-9c0e-c12c4ecbadd6-1.jpg 984w, https:\/\/horemi.org\/de\/wp-content\/uploads\/sites\/27\/2024\/01\/6d668901-743e-4790-9c0e-c12c4ecbadd6-1-300x132.jpg 300w, https:\/\/horemi.org\/de\/wp-content\/uploads\/sites\/27\/2024\/01\/6d668901-743e-4790-9c0e-c12c4ecbadd6-1-768x337.jpg 768w, https:\/\/horemi.org\/de\/wp-content\/uploads\/sites\/27\/2024\/01\/6d668901-743e-4790-9c0e-c12c4ecbadd6-1-540x237.jpg 540w\" sizes=\"auto, (max-width: 984px) 100vw, 984px\"><\/div><p>Vor dem fertigen Schul\u00adge\u00adb\u00e4ude \u2026<\/p><\/div>\n<div class=\"slide-2\"><div class=\" slide-img-crop\"><img loading=\"lazy\" decoding=\"async\" width=\"984\" height=\"432\" src=\"https:\/\/horemi.org\/de\/wp-content\/uploads\/sites\/27\/2024\/01\/ea6f48b7-9969-4122-b223-27f6fe90f3a8-1.jpg\" class=\"attachment-full  slide-img-crop\" alt srcset=\"https:\/\/horemi.org\/de\/wp-content\/uploads\/sites\/27\/2024\/01\/ea6f48b7-9969-4122-b223-27f6fe90f3a8-1.jpg 984w, https:\/\/horemi.org\/de\/wp-content\/uploads\/sites\/27\/2024\/01\/ea6f48b7-9969-4122-b223-27f6fe90f3a8-1-300x132.jpg 300w, https:\/\/horemi.org\/de\/wp-content\/uploads\/sites\/27\/2024\/01\/ea6f48b7-9969-4122-b223-27f6fe90f3a8-1-768x337.jpg 768w, https:\/\/horemi.org\/de\/wp-content\/uploads\/sites\/27\/2024\/01\/ea6f48b7-9969-4122-b223-27f6fe90f3a8-1-540x237.jpg 540w\" sizes=\"auto, (max-width: 984px) 100vw, 984px\"><\/div><p>\u2026 wurde ein Garten mit Spiel\u00adplatz ange\u00adlegt.<\/p><\/div>\n<div class=\"slide-3\"><div class=\" slide-img-crop\"><img loading=\"lazy\" decoding=\"async\" width=\"984\" height=\"432\" src=\"https:\/\/horemi.org\/de\/wp-content\/uploads\/sites\/27\/2024\/01\/44957fde-e42c-41cc-9679-9bfa950c94e5-2.jpg\" class=\"attachment-full  slide-img-crop\" alt srcset=\"https:\/\/horemi.org\/de\/wp-content\/uploads\/sites\/27\/2024\/01\/44957fde-e42c-41cc-9679-9bfa950c94e5-2.jpg 984w, https:\/\/horemi.org\/de\/wp-content\/uploads\/sites\/27\/2024\/01\/44957fde-e42c-41cc-9679-9bfa950c94e5-2-300x132.jpg 300w, https:\/\/horemi.org\/de\/wp-content\/uploads\/sites\/27\/2024\/01\/44957fde-e42c-41cc-9679-9bfa950c94e5-2-768x337.jpg 768w, https:\/\/horemi.org\/de\/wp-content\/uploads\/sites\/27\/2024\/01\/44957fde-e42c-41cc-9679-9bfa950c94e5-2-540x237.jpg 540w\" sizes=\"auto, (max-width: 984px) 100vw, 984px\"><\/div><p>Die Kinder machen Mittags\u00adpause auf der schat\u00adtigen Veranda<\/p><\/div>\n<div class=\"slide-4\"><div class=\" slide-img-crop\"><img loading=\"lazy\" decoding=\"async\" width=\"852\" height=\"312\" src=\"https:\/\/horemi.org\/de\/wp-content\/uploads\/sites\/27\/2024\/01\/db78be21-3955-46cb-a137-91ae08f10431-1.jpg\" class=\"attachment-full  slide-img-crop\" alt srcset=\"https:\/\/horemi.org\/de\/wp-content\/uploads\/sites\/27\/2024\/01\/db78be21-3955-46cb-a137-91ae08f10431-1.jpg 852w, https:\/\/horemi.org\/de\/wp-content\/uploads\/sites\/27\/2024\/01\/db78be21-3955-46cb-a137-91ae08f10431-1-300x110.jpg 300w, https:\/\/horemi.org\/de\/wp-content\/uploads\/sites\/27\/2024\/01\/db78be21-3955-46cb-a137-91ae08f10431-1-768x281.jpg 768w, https:\/\/horemi.org\/de\/wp-content\/uploads\/sites\/27\/2024\/01\/db78be21-3955-46cb-a137-91ae08f10431-1-540x198.jpg 540w\" sizes=\"auto, (max-width: 852px) 100vw, 852px\"><\/div><p>Das Mittag\u00adessen f\u00fcr die Grund\u00adsch\u00fcler stellt HOREMI.<\/p><\/div>\n<\/div>\n\n\n<p class=\"wp-block-paragraph\"><strong>Danke an alle Spen\u00adde\u00adrinnen und Spender, die dieses tolle Projekt bis hierher erm\u00f6g\u00adlicht haben!<\/strong> Noch fehlen beim Neubau B\u00f6den, Verputz, T\u00fcren und Fenster \u2014 damit es beim Unter\u00adricht nicht rein regnet. Wir freuen uns daher, wenn Sie das \u201cFinish\u201d der Schule mit einer Spende unter\u00adst\u00fctzen. <\/p>\n\n\n\n<p class=\"has-text-align-left wp-block-paragraph\">&gt; <strong> Hier gehts direkt zur <\/strong><a href=\"https:\/\/horemi.org\/de\/jetzt-spenden-helfen-macht-freunde\/\" data-type=\"link\" data-id=\"https:\/\/horemi.org\/de\/jetzt-spenden-helfen-macht-freunde\/\" target=\"_blank\" rel=\"noreferrer noopener\"><strong>Spen\u00adden\u00adseite<\/strong><\/a> <strong>-<\/strong><strong> 1000 Dank! <\/strong><\/p>\n\n\n\n<p class=\"has-text-align-center wp-block-paragraph\"><strong>&lt;&gt;<\/strong><\/p>\n\n\n\n<h5 class=\"wp-block-heading\">\u00ab 20. Januar 2024: Die Schule ist nahezu einsatzbereit \u00bb<\/h5>\n\n\n\n<p class=\"wp-block-paragraph\">Fast schon schwin\u00addel\u00aderre\u00adgend, wie schnell Pl\u00e4ne bei HOREMI Gestalt annehmen, wenn die Mittel daf\u00fcr da sind. Inzwi\u00adschen steht auch die kleine Schul\u00adk\u00fcche, die B\u00f6den des ersten Raumes sind befes\u00adtigt, die Klas\u00adsen\u00adr\u00e4ume teil\u00adweise einge\u00adrichtet und der Garten ist ange\u00adlegt. Alle Geneh\u00admi\u00adgungen liegen vor, Lehrer wurden ange\u00adstellt. Es kann also p\u00fcnkt\u00adlich Ende Januar\/Anfang Februar losgehen. Gro\u00dfen Respekt  f\u00fcr diese Leis\u00adtung!<\/p>\n\n\n<div class=\"mgznkr-img-slider slides has-nested-images columns-default mgznkr-img-slider slider-cropped\" id=\"mgznkr-img-slider-_5187_5188_5189_5190\">\n<div class=\"slide-1\"><div class=\" slide-img-crop\"><img loading=\"lazy\" decoding=\"async\" width=\"432\" height=\"197\" src=\"https:\/\/horemi.org\/de\/wp-content\/uploads\/sites\/27\/2024\/01\/Schule_Gang-2-2.jpg\" class=\"attachment-full  slide-img-crop\" alt srcset=\"https:\/\/horemi.org\/de\/wp-content\/uploads\/sites\/27\/2024\/01\/Schule_Gang-2-2.jpg 432w, https:\/\/horemi.org\/de\/wp-content\/uploads\/sites\/27\/2024\/01\/Schule_Gang-2-2-300x137.jpg 300w\" sizes=\"auto, (max-width: 432px) 100vw, 432px\"><\/div><p>Die \u00fcber\u00addachte Veranda der Schule<\/p><\/div>\n<div class=\"slide-2\"><div class=\" slide-img-crop\"><img loading=\"lazy\" decoding=\"async\" width=\"907\" height=\"398\" src=\"https:\/\/horemi.org\/de\/wp-content\/uploads\/sites\/27\/2024\/01\/Schule_Kueche_Garten_1.jpg\" class=\"attachment-full  slide-img-crop\" alt srcset=\"https:\/\/horemi.org\/de\/wp-content\/uploads\/sites\/27\/2024\/01\/Schule_Kueche_Garten_1.jpg 907w, https:\/\/horemi.org\/de\/wp-content\/uploads\/sites\/27\/2024\/01\/Schule_Kueche_Garten_1-300x132.jpg 300w, https:\/\/horemi.org\/de\/wp-content\/uploads\/sites\/27\/2024\/01\/Schule_Kueche_Garten_1-768x337.jpg 768w, https:\/\/horemi.org\/de\/wp-content\/uploads\/sites\/27\/2024\/01\/Schule_Kueche_Garten_1-540x237.jpg 540w\" sizes=\"auto, (max-width: 907px) 100vw, 907px\"><\/div><p>Der Schulhof und die Schul\u00adk\u00fcche (vorn rechts)<\/p><\/div>\n<div class=\"slide-3\"><div class=\" slide-img-crop\"><img loading=\"lazy\" decoding=\"async\" width=\"861\" height=\"432\" src=\"https:\/\/horemi.org\/de\/wp-content\/uploads\/sites\/27\/2024\/01\/Klassenraum_1-2.jpg\" class=\"attachment-full  slide-img-crop\" alt srcset=\"https:\/\/horemi.org\/de\/wp-content\/uploads\/sites\/27\/2024\/01\/Klassenraum_1-2.jpg 861w, https:\/\/horemi.org\/de\/wp-content\/uploads\/sites\/27\/2024\/01\/Klassenraum_1-2-300x151.jpg 300w, https:\/\/horemi.org\/de\/wp-content\/uploads\/sites\/27\/2024\/01\/Klassenraum_1-2-768x385.jpg 768w, https:\/\/horemi.org\/de\/wp-content\/uploads\/sites\/27\/2024\/01\/Klassenraum_1-2-540x271.jpg 540w\" sizes=\"auto, (max-width: 861px) 100vw, 861px\"><\/div><p>Blick ins Klas\u00adsen\u00adzimmer<\/p><\/div>\n<div class=\"slide-4\"><div class=\" slide-img-crop\"><img loading=\"lazy\" decoding=\"async\" width=\"915\" height=\"354\" src=\"https:\/\/horemi.org\/de\/wp-content\/uploads\/sites\/27\/2024\/01\/Schule_Kueche_Vorgarten-2.jpg\" class=\"attachment-full  slide-img-crop\" alt srcset=\"https:\/\/horemi.org\/de\/wp-content\/uploads\/sites\/27\/2024\/01\/Schule_Kueche_Vorgarten-2.jpg 915w, https:\/\/horemi.org\/de\/wp-content\/uploads\/sites\/27\/2024\/01\/Schule_Kueche_Vorgarten-2-300x116.jpg 300w, https:\/\/horemi.org\/de\/wp-content\/uploads\/sites\/27\/2024\/01\/Schule_Kueche_Vorgarten-2-768x297.jpg 768w, https:\/\/horemi.org\/de\/wp-content\/uploads\/sites\/27\/2024\/01\/Schule_Kueche_Vorgarten-2-540x209.jpg 540w\" sizes=\"auto, (max-width: 915px) 100vw, 915px\"><\/div><p>Links das Schul\u00adge\u00adb\u00e4ude, rechts die Schul\u00adk\u00fcche, im Hinter\u00adgrund die Schul\u00adtoi\u00adlette<\/p><\/div>\n<\/div>\n\n\n<p class=\"has-text-align-center wp-block-paragraph\"><strong>&lt;&gt;<\/strong><\/p>\n\n\n\n<h5 class=\"wp-block-heading\">\u00bb 8. Januar 2024: Die M\u00f6belbauer sind da \u00bb<\/h5>\n\n\n\n<p class=\"wp-block-paragraph\">Das Schul\u00adhaus steht, jetzt geht es an den Innen\u00adausbau und die M\u00f6blie\u00adrung. Tische, B\u00e4nke und St\u00fchle werden direkt vor Ort selbst gebaut. Schon Anfang Februar werden die ersten Kinder darauf sitzen!  <\/p>\n\n\n\n<figure class=\"wp-block-image size-full\"><img loading=\"lazy\" decoding=\"async\" width=\"984\" height=\"432\" src=\"https:\/\/horemi.org\/de\/wp-content\/uploads\/sites\/27\/2024\/01\/b437c2e8-4006-4636-8826-9f9a56fd1344.jpg\" alt class=\"wp-image-5174\" srcset=\"https:\/\/horemi.org\/de\/wp-content\/uploads\/sites\/27\/2024\/01\/b437c2e8-4006-4636-8826-9f9a56fd1344.jpg 984w, https:\/\/horemi.org\/de\/wp-content\/uploads\/sites\/27\/2024\/01\/b437c2e8-4006-4636-8826-9f9a56fd1344-300x132.jpg 300w, https:\/\/horemi.org\/de\/wp-content\/uploads\/sites\/27\/2024\/01\/b437c2e8-4006-4636-8826-9f9a56fd1344-768x337.jpg 768w, https:\/\/horemi.org\/de\/wp-content\/uploads\/sites\/27\/2024\/01\/b437c2e8-4006-4636-8826-9f9a56fd1344-540x237.jpg 540w\" sizes=\"auto, (max-width: 984px) 100vw, 984px\"><\/figure>\n\n\n\n<p class=\"has-text-align-center wp-block-paragraph\"><strong>&lt;&gt;<\/strong><\/p>\n\n\n\n<h5 class=\"wp-block-heading\">\u00ab Vor dem Jahreswechsel: Dach und Veranda sind fertig \u00bb<\/h5>\n\n\n\n<p class=\"wp-block-paragraph\">Jeder neu f\u00fcr die Schule gespen\u00addete Euro wird unmit\u00adtelbar in Mate\u00adrial und Arbeit umge\u00adsetzt. Und so geht es direkt nach der Weih\u00adnachts\u00adfeier (auch durch Ihre Spenden erm\u00f6g\u00adlicht!) mit Vollgas weiter. Noch vor Jahres\u00adende ist nicht nur das Haupt\u00adhaus, sondern auch die Veranda \u00fcber\u00addacht. Und das neue Schul-Schild ist eben\u00adfalls schon da! Das bedeutet: Nach aktu\u00adeller Planung k\u00f6nnen bereits Anfang Februar, zum offi\u00adzi\u00adellen Start des neuen Schul\u00adjahres, die ersten Unter\u00adrichts\u00adstunden statt finden!<\/p>\n\n\n\n<figure class=\"wp-block-image size-large\"><img loading=\"lazy\" decoding=\"async\" width=\"1024\" height=\"449\" src=\"https:\/\/horemi.org\/de\/wp-content\/uploads\/sites\/27\/2024\/01\/Schule-HOREMI-mit-Schild-1-1024x449.jpg\" alt class=\"wp-image-5172\" srcset=\"https:\/\/horemi.org\/de\/wp-content\/uploads\/sites\/27\/2024\/01\/Schule-HOREMI-mit-Schild-1-1024x449.jpg 1024w, https:\/\/horemi.org\/de\/wp-content\/uploads\/sites\/27\/2024\/01\/Schule-HOREMI-mit-Schild-1-300x132.jpg 300w, https:\/\/horemi.org\/de\/wp-content\/uploads\/sites\/27\/2024\/01\/Schule-HOREMI-mit-Schild-1-768x337.jpg 768w, https:\/\/horemi.org\/de\/wp-content\/uploads\/sites\/27\/2024\/01\/Schule-HOREMI-mit-Schild-1-1536x674.jpg 1536w, https:\/\/horemi.org\/de\/wp-content\/uploads\/sites\/27\/2024\/01\/Schule-HOREMI-mit-Schild-1-2048x898.jpg 2048w, https:\/\/horemi.org\/de\/wp-content\/uploads\/sites\/27\/2024\/01\/Schule-HOREMI-mit-Schild-1-540x237.jpg 540w, https:\/\/horemi.org\/de\/wp-content\/uploads\/sites\/27\/2024\/01\/Schule-HOREMI-mit-Schild-1-1080x474.jpg 1080w, https:\/\/horemi.org\/de\/wp-content\/uploads\/sites\/27\/2024\/01\/Schule-HOREMI-mit-Schild-1-1980x869.jpg 1980w\" sizes=\"auto, (max-width: 1024px) 100vw, 1024px\"><\/figure>\n\n\n\n<p class=\"has-text-align-center wp-block-paragraph\"><strong>&lt;&gt;<\/strong><\/p>\n\n\n\n<h5 class=\"wp-block-heading\">\u00ab Rechtzeitig zu Weihnachten: Das Dach ist fast gedeckt \u00bb<\/h5>\n\n\n\n<p class=\"wp-block-paragraph\">Im Dezember gibt HOREMI noch\u00admals richtig Gas: Nachdem die Holz\u00adkon\u00adstruk\u00adtion steht, wird das Dach noch vor Weih\u00adnachten mit Well\u00adblech-Platten gedeckt. Wow, das geht ruck zuck! Dank vieler gro\u00df\u00adz\u00fc\u00adgiger Spenden!<\/p>\n\n\n<div class=\"mgznkr-img-slider slides has-nested-images columns-default mgznkr-img-slider slider-cropped\" id=\"mgznkr-img-slider-_4967_4971_4972_4998\">\n<div class=\"slide-1\"><div class=\" slide-img-crop\"><img loading=\"lazy\" decoding=\"async\" width=\"984\" height=\"432\" src=\"https:\/\/horemi.org\/de\/wp-content\/uploads\/sites\/27\/2023\/12\/PHOTO-2023-12-22-12-36-05-1.jpg\" class=\"attachment-full  slide-img-crop\" alt srcset=\"https:\/\/horemi.org\/de\/wp-content\/uploads\/sites\/27\/2023\/12\/PHOTO-2023-12-22-12-36-05-1.jpg 984w, https:\/\/horemi.org\/de\/wp-content\/uploads\/sites\/27\/2023\/12\/PHOTO-2023-12-22-12-36-05-1-300x132.jpg 300w, https:\/\/horemi.org\/de\/wp-content\/uploads\/sites\/27\/2023\/12\/PHOTO-2023-12-22-12-36-05-1-768x337.jpg 768w, https:\/\/horemi.org\/de\/wp-content\/uploads\/sites\/27\/2023\/12\/PHOTO-2023-12-22-12-36-05-1-540x237.jpg 540w\" sizes=\"auto, (max-width: 984px) 100vw, 984px\"><\/div><\/div>\n<div class=\"slide-2\"><div class=\" slide-img-crop\"><img loading=\"lazy\" decoding=\"async\" width=\"984\" height=\"432\" src=\"https:\/\/horemi.org\/de\/wp-content\/uploads\/sites\/27\/2023\/12\/PHOTO-2023-12-23-12-49-31-1.jpg\" class=\"attachment-full  slide-img-crop\" alt srcset=\"https:\/\/horemi.org\/de\/wp-content\/uploads\/sites\/27\/2023\/12\/PHOTO-2023-12-23-12-49-31-1.jpg 984w, https:\/\/horemi.org\/de\/wp-content\/uploads\/sites\/27\/2023\/12\/PHOTO-2023-12-23-12-49-31-1-300x132.jpg 300w, https:\/\/horemi.org\/de\/wp-content\/uploads\/sites\/27\/2023\/12\/PHOTO-2023-12-23-12-49-31-1-768x337.jpg 768w, https:\/\/horemi.org\/de\/wp-content\/uploads\/sites\/27\/2023\/12\/PHOTO-2023-12-23-12-49-31-1-540x237.jpg 540w\" sizes=\"auto, (max-width: 984px) 100vw, 984px\"><\/div><\/div>\n<div class=\"slide-3\"><div class=\" slide-img-crop\"><img loading=\"lazy\" decoding=\"async\" width=\"984\" height=\"432\" src=\"https:\/\/horemi.org\/de\/wp-content\/uploads\/sites\/27\/2023\/12\/PHOTO-2023-12-23-15-37-37-1.jpg\" class=\"attachment-full  slide-img-crop\" alt srcset=\"https:\/\/horemi.org\/de\/wp-content\/uploads\/sites\/27\/2023\/12\/PHOTO-2023-12-23-15-37-37-1.jpg 984w, https:\/\/horemi.org\/de\/wp-content\/uploads\/sites\/27\/2023\/12\/PHOTO-2023-12-23-15-37-37-1-300x132.jpg 300w, https:\/\/horemi.org\/de\/wp-content\/uploads\/sites\/27\/2023\/12\/PHOTO-2023-12-23-15-37-37-1-768x337.jpg 768w, https:\/\/horemi.org\/de\/wp-content\/uploads\/sites\/27\/2023\/12\/PHOTO-2023-12-23-15-37-37-1-540x237.jpg 540w\" sizes=\"auto, (max-width: 984px) 100vw, 984px\"><\/div><\/div>\n<div class=\"slide-4\"><div class=\" slide-img-crop\"><img loading=\"lazy\" decoding=\"async\" width=\"984\" height=\"432\" src=\"https:\/\/horemi.org\/de\/wp-content\/uploads\/sites\/27\/2023\/12\/PHOTO-2023-12-24-14-02-07.jpg\" class=\"attachment-full  slide-img-crop\" alt srcset=\"https:\/\/horemi.org\/de\/wp-content\/uploads\/sites\/27\/2023\/12\/PHOTO-2023-12-24-14-02-07.jpg 984w, https:\/\/horemi.org\/de\/wp-content\/uploads\/sites\/27\/2023\/12\/PHOTO-2023-12-24-14-02-07-300x132.jpg 300w, https:\/\/horemi.org\/de\/wp-content\/uploads\/sites\/27\/2023\/12\/PHOTO-2023-12-24-14-02-07-768x337.jpg 768w, https:\/\/horemi.org\/de\/wp-content\/uploads\/sites\/27\/2023\/12\/PHOTO-2023-12-24-14-02-07-540x237.jpg 540w\" sizes=\"auto, (max-width: 984px) 100vw, 984px\"><\/div><\/div>\n<\/div>\n\n\n<p class=\"has-text-align-center wp-block-paragraph\"><strong>&lt;&gt;<\/strong><\/p>\n\n\n\n<h5 class=\"wp-block-heading\">\u00ab So sieht es am 12. November aus: Der Rohbau steht \u00bb<\/h5>\n\n\n\n<p class=\"wp-block-paragraph\">Vor allem im Oktober und November wuchsen die Mauern stetig. Und dann, am 12. November, steht der Rohbau: 7,5 mal 39 Meter gro\u00df, genug Platz f\u00fcr vier Klas\u00adsen\u00adr\u00e4ume und ein B\u00fcro.<\/p>\n\n\n<div class=\"mgznkr-img-slider slides has-nested-images columns-default mgznkr-img-slider slider-cropped\" id=\"mgznkr-img-slider-_4860_4855_4864_4873\">\n<div class=\"slide-1\"><div class=\" slide-img-crop\"><img loading=\"lazy\" decoding=\"async\" width=\"700\" height=\"525\" src=\"https:\/\/horemi.org\/de\/wp-content\/uploads\/sites\/27\/2023\/11\/56CAF2F5-AA99-4FCB-9EE1-E086BA02D907-1024x768.jpg\" class=\"attachment-large  slide-img-crop\" alt srcset=\"https:\/\/horemi.org\/de\/wp-content\/uploads\/sites\/27\/2023\/11\/56CAF2F5-AA99-4FCB-9EE1-E086BA02D907-1024x768.jpg 1024w, https:\/\/horemi.org\/de\/wp-content\/uploads\/sites\/27\/2023\/11\/56CAF2F5-AA99-4FCB-9EE1-E086BA02D907-300x225.jpg 300w, https:\/\/horemi.org\/de\/wp-content\/uploads\/sites\/27\/2023\/11\/56CAF2F5-AA99-4FCB-9EE1-E086BA02D907-768x576.jpg 768w, https:\/\/horemi.org\/de\/wp-content\/uploads\/sites\/27\/2023\/11\/56CAF2F5-AA99-4FCB-9EE1-E086BA02D907-540x405.jpg 540w, https:\/\/horemi.org\/de\/wp-content\/uploads\/sites\/27\/2023\/11\/56CAF2F5-AA99-4FCB-9EE1-E086BA02D907.jpg 1080w\" sizes=\"auto, (max-width: 700px) 100vw, 700px\"><\/div><\/div>\n<div class=\"slide-2\"><div class=\" slide-img-crop\"><img loading=\"lazy\" decoding=\"async\" width=\"700\" height=\"307\" src=\"https:\/\/horemi.org\/de\/wp-content\/uploads\/sites\/27\/2023\/09\/PHOTO-2023-11-08-08-22-16.jpg\" class=\"attachment-large  slide-img-crop\" alt srcset=\"https:\/\/horemi.org\/de\/wp-content\/uploads\/sites\/27\/2023\/09\/PHOTO-2023-11-08-08-22-16.jpg 984w, https:\/\/horemi.org\/de\/wp-content\/uploads\/sites\/27\/2023\/09\/PHOTO-2023-11-08-08-22-16-300x132.jpg 300w, https:\/\/horemi.org\/de\/wp-content\/uploads\/sites\/27\/2023\/09\/PHOTO-2023-11-08-08-22-16-768x337.jpg 768w, https:\/\/horemi.org\/de\/wp-content\/uploads\/sites\/27\/2023\/09\/PHOTO-2023-11-08-08-22-16-540x237.jpg 540w\" sizes=\"auto, (max-width: 700px) 100vw, 700px\"><\/div><\/div>\n<div class=\"slide-3\"><div class=\" slide-img-crop\"><img loading=\"lazy\" decoding=\"async\" width=\"700\" height=\"525\" src=\"https:\/\/horemi.org\/de\/wp-content\/uploads\/sites\/27\/2023\/09\/E869509C-5BAD-4167-9A55-D589687D4A1A-1024x768.jpg\" class=\"attachment-large  slide-img-crop\" alt srcset=\"https:\/\/horemi.org\/de\/wp-content\/uploads\/sites\/27\/2023\/09\/E869509C-5BAD-4167-9A55-D589687D4A1A-1024x768.jpg 1024w, https:\/\/horemi.org\/de\/wp-content\/uploads\/sites\/27\/2023\/09\/E869509C-5BAD-4167-9A55-D589687D4A1A-300x225.jpg 300w, https:\/\/horemi.org\/de\/wp-content\/uploads\/sites\/27\/2023\/09\/E869509C-5BAD-4167-9A55-D589687D4A1A-768x576.jpg 768w, https:\/\/horemi.org\/de\/wp-content\/uploads\/sites\/27\/2023\/09\/E869509C-5BAD-4167-9A55-D589687D4A1A-540x405.jpg 540w, https:\/\/horemi.org\/de\/wp-content\/uploads\/sites\/27\/2023\/09\/E869509C-5BAD-4167-9A55-D589687D4A1A.jpg 1080w\" sizes=\"auto, (max-width: 700px) 100vw, 700px\"><\/div><\/div>\n<div class=\"slide-4\"><div class=\" slide-img-crop\"><img loading=\"lazy\" decoding=\"async\" width=\"700\" height=\"394\" src=\"https:\/\/horemi.org\/de\/wp-content\/uploads\/sites\/27\/2023\/11\/156EBF36-8F41-4732-B396-1F6A924A6568-edited.jpg\" class=\"attachment-large  slide-img-crop\" alt srcset=\"https:\/\/horemi.org\/de\/wp-content\/uploads\/sites\/27\/2023\/11\/156EBF36-8F41-4732-B396-1F6A924A6568-edited.jpg 768w, https:\/\/horemi.org\/de\/wp-content\/uploads\/sites\/27\/2023\/11\/156EBF36-8F41-4732-B396-1F6A924A6568-edited-300x169.jpg 300w, https:\/\/horemi.org\/de\/wp-content\/uploads\/sites\/27\/2023\/11\/156EBF36-8F41-4732-B396-1F6A924A6568-edited-540x304.jpg 540w\" sizes=\"auto, (max-width: 700px) 100vw, 700px\"><\/div><\/div>\n<\/div>\n\n\n<p class=\"wp-block-paragraph\"><\/p>\n\n\n\n<hr class=\"wp-block-separator has-alpha-channel-opacity\">\n\n\n\n<h3 class=\"wp-block-heading\">Warum HOREMI eine eigene Schule braucht<\/h3>\n\n\n\n<p class=\"wp-block-paragraph\">Eine gute Schul\u00adbil\u00addung ist der Schl\u00fcssel zur Zukunft. Das gilt auch und beson\u00adders in Uganda. Schon lange trieb Naume und Kenneth deshalb die Idee von einer eigenen Schule um. Denn die Schul\u00adwege f\u00fcr die Kinder von HOREMI waren sehr lang, und die Geb\u00fchren, die \u00f6ffent\u00adliche Privat\u00adschulen verlangen, sind hoch. Beides kann sich HOREMI mit einer Schule direkt vor Ort sparen. Die Geneh\u00admi\u00adgung daf\u00fcr haben sie, der Unter\u00adricht hat begonnen. Nun gilt es, in den n\u00e4chsten zwei Jahren einen funk\u00adtio\u00adnie\u00adrenden, quali\u00adfi\u00adzierten Schul\u00adbe\u00adtrieb vorzu\u00adweisen \u2013 so will es die Auflage.<\/p>\n\n\n\n<figure class=\"wp-block-image size-large\"><img loading=\"lazy\" decoding=\"async\" width=\"1024\" height=\"449\" src=\"https:\/\/horemi.org\/de\/wp-content\/uploads\/sites\/27\/2023\/09\/PHOTO-2022-01-09-17-49-29-1024x449.jpg\" alt class=\"wp-image-4715\" srcset=\"https:\/\/horemi.org\/de\/wp-content\/uploads\/sites\/27\/2023\/09\/PHOTO-2022-01-09-17-49-29-1024x449.jpg 1024w, https:\/\/horemi.org\/de\/wp-content\/uploads\/sites\/27\/2023\/09\/PHOTO-2022-01-09-17-49-29-300x132.jpg 300w, https:\/\/horemi.org\/de\/wp-content\/uploads\/sites\/27\/2023\/09\/PHOTO-2022-01-09-17-49-29-768x337.jpg 768w, https:\/\/horemi.org\/de\/wp-content\/uploads\/sites\/27\/2023\/09\/PHOTO-2022-01-09-17-49-29-540x237.jpg 540w, https:\/\/horemi.org\/de\/wp-content\/uploads\/sites\/27\/2023\/09\/PHOTO-2022-01-09-17-49-29.jpg 1080w\" sizes=\"auto, (max-width: 1024px) 100vw, 1024px\"><figcaption class=\"wp-element-caption\">Weite Schul\u00adwege und hohe Geb\u00fchren f\u00fcr die HOREMI Kids \u2014 nicht mit einer eigenen Schule!<\/figcaption><\/figure>\n\n\n\n<h4 class=\"wp-block-heading\">Im April 2023 fiel der Startschuss \u2026<\/h4>\n\n\n\n<p class=\"wp-block-paragraph\">Bereits im April 2023 hatte Kenneth in weiser Voraus\u00adsicht g\u00fcnstig Back\u00adsteine einge\u00adkauft, im August entstanden daraus die Grund\u00admauern. Noch fehlten aber die Mittel f\u00fcr Back\u00adsteine, Zement, M\u00f6rtel, Well\u00adblech, Balken, Fenster und T\u00fcren. Ebenso f\u00fcr Putz und Anstrich des Geb\u00e4udes und den Boden \u2013 keine fest getre\u00adtene Erde, sondern ein solider Fu\u00dfboden sollte es werden.<\/p>\n\n\n\n<p class=\"wp-block-paragraph\">Ein paar Beispiele, was so ein Bau in Uganda kostet: Die vielen tausend ben\u00f6\u00adtigten Ziegel kommen auf rund 1.500 Dollar, die 260 Well\u00adbleche f\u00fcrs Dach 3.800 Dollar, Bausand und Zement knapp 2.000 Dollar. F\u00fcr Putz und Anstrich kommen rund 2.600 Dollar hinzu. Ach ja, und Arbeits\u00adstunden fallen nat\u00fcr\u00adlich auch einige an \u2013 gesch\u00e4tzte Kosten etwa 600 bis 1000 Euro. Von der Einrich\u00adtung der Klas\u00adsen\u00adzimmer, von Schul\u00adma\u00adte\u00adrial oder Bezah\u00adlung der Lehrer nicht zu spre\u00adchen \u2026<\/p>\n\n\n\n<p class=\"wp-block-paragraph\"><strong>M\u00f6chten Sie zur Fertig\u00adstel\u00adlung des Geb\u00e4udes, zum Unter\u00adhalt und Schul\u00adbe\u00adtrieb mit Ihrer Spende etwas beitragen? Hier gehts zur <a href=\"https:\/\/horemi.org\/de\/jetzt-spenden-helfen-macht-freunde\/\" data-type=\"link\" data-id=\"https:\/\/horemi.org\/de\/jetzt-spenden-helfen-macht-freunde\/\" target=\"_blank\" rel=\"noreferrer noopener\">Spen\u00adden\u00adseite<\/a> \u2014 vielen Dank!<\/strong>  <\/p>\n\n\n\n<p class=\"wp-block-paragraph\"><mark>D\u00fcrfen wir Sie \u00fcber den Fort\u00adschritt des Projekts auf dem Laufenden halten? Ein Mail an <a href=\"mailto:hello@horemi.org\">hello@horemi.org<\/a> gen\u00fcgt.<\/mark><\/p>\n","protected":false},"excerpt":{"rendered":"<p>Das bislang gr\u00f6\u00dfte HOREMI-Projekt: der Bau und die Er\u00f6ff\u00adnung einer eigenen Schule. Hier lesen Sie ihre Entste\u00adhungs\u00adge\u00adschichte \u2026<\/p>\n","protected":false},"author":30,"featured_media":4808,"comment_status":"closed","ping_status":"closed","sticky":false,"template":"","format":"standard","meta":{"_acf_changed":false,"wp_typography_post_enhancements_disabled":false,"footnotes":""},"categories":[1],"tags":[15,14,13],"class_list":["post-4698","post","type-post","status-publish","format-standard","has-post-thumbnail","hentry","category-horemi","tag-afrika","tag-bildung","tag-schule"],"acf":[],"_links":{"self":[{"href":"https:\/\/horemi.org\/de\/wp-json\/wp\/v2\/posts\/4698","targetHints":{"allow":["GET"]}}],"collection":[{"href":"https:\/\/horemi.org\/de\/wp-json\/wp\/v2\/posts"}],"about":[{"href":"https:\/\/horemi.org\/de\/wp-json\/wp\/v2\/types\/post"}],"author":[{"embeddable":true,"href":"https:\/\/horemi.org\/de\/wp-json\/wp\/v2\/users\/30"}],"replies":[{"embeddable":true,"href":"https:\/\/horemi.org\/de\/wp-json\/wp\/v2\/comments?post=4698"}],"version-history":[{"count":128,"href":"https:\/\/horemi.org\/de\/wp-json\/wp\/v2\/posts\/4698\/revisions"}],"predecessor-version":[{"id":5987,"href":"https:\/\/horemi.org\/de\/wp-json\/wp\/v2\/posts\/4698\/revisions\/5987"}],"wp:featuredmedia":[{"embeddable":true,"href":"https:\/\/horemi.org\/de\/wp-json\/wp\/v2\/media\/4808"}],"wp:attachment":[{"href":"https:\/\/horemi.org\/de\/wp-json\/wp\/v2\/media?parent=4698"}],"wp:term":[{"taxonomy":"category","embeddable":true,"href":"https:\/\/horemi.org\/de\/wp-json\/wp\/v2\/categories?post=4698"},{"taxonomy":"post_tag","embeddable":true,"href":"https:\/\/horemi.org\/de\/wp-json\/wp\/v2\/tags?post=4698"}],"curies":[{"name":"wp","href":"https:\/\/api.w.org\/{rel}","templated":true}]}}